{"id":16004,"date":"2019-08-08T09:46:22","date_gmt":"2019-08-08T07:46:22","guid":{"rendered":"https:\/\/fine-weddings.de\/?p=16004"},"modified":"2019-08-22T17:07:40","modified_gmt":"2019-08-22T15:07:40","slug":"heidi-klum-und-tom-kaulitz-haben-sich-auf-capri-das-jawort-gegeben","status":"publish","type":"post","link":"https:\/\/www.fine-weddings.de\/blog\/heidi-klum-und-tom-kaulitz-haben-sich-auf-capri-das-jawort-gegeben\/","title":{"rendered":"Heidi Klum und Tom Kaulitz haben sich auf Capri das Jawort gegeben"},"content":{"rendered":"<section class=\"wpb-content-wrapper\"><p>[vc_row][vc_column][vc_column_text]<\/p>\n<p style=\"text-align: left;\">Meine Peepsies,<\/p>\n<p style=\"text-align: left;\">nun ist es offiziell: Heidi Klum und Tom Kaulitz haben sich das Jawort gegeben &#8211; Hochzeit auf Capri, der Insel der Liebe. Drei Tage Feiern, mit allem Drum und Dran: Freitag Get-together und Pre-Dinner im Gourmetrestaurant \u201eIl Riccio\u201c, Samstag Zeremonie und Party auf der legend\u00e4ren Luxusjacht \u201eChristina O\u201c, Sonntag After-Wedding-Party im angesagten \u201eLa Fontelina\u201c.\u00a0Solche Dreitages-Events sind bei meinen Klienten mittlerweile die Regel. Der Grund: Destination-Weddings werden immer beliebter, und die G\u00e4steschar immer hybrider, so dass sie aus allen m\u00f6glichen L\u00e4ndern anreist. Da sollte sich der Aufwand f\u00fcr beide Seiten lohnen. Drei Millionen soll die Sause gekostet haben, eine Summe, die in den Ohren Au\u00dfenstehender erst einmal utopisch klingt. Die jedoch nachvollziehbar ist, wenn man vertraut ist mit den Bed\u00fcrfnissen dieser Klientel und den Dimensionen, in denen sie denken \u2013 auch zeitlich.<\/p>\n<p style=\"text-align: left;\">Die GALA hat mir zur Hochzeit von Heidi und Tom eine Reihe Fragen gestellt, die sich in dem Zusammenhang viele Leser stellen d\u00fcrften: Wie teuer kann eine Luxushochzeit werden, was geht am meisten ins Geld? Bekommt ein Promi wie Heidi Klum Verg\u00fcnstigungen f\u00fcr die Locations? Wie sorgt man f\u00fcr Diskretion und h\u00e4lt Paparazzi ab? Haben Prominente, Adlige und Unternehmer andere W\u00fcnsche und Bed\u00fcrfnisse als \u201eDurchschnittsb\u00fcrger\u201c? Was war der ausgefallenste Wunsch, der bisher an mich als Hochzeitsplaner herangetragen wurde?<\/p>\n<p style=\"text-align: left;\">Besonders spannend fand ich die Frage, welchen Luxus ich meinen Kunden in jedem Fall empfehle. Dieser Begriff definiert sich f\u00fcr mich n\u00e4mlich nicht \u00fcber das Budget, sondern \u00fcber die Freiheit, genau das tun zu k\u00f6nnen, wonach dem Brautpaar zu dem Zeitpunkt ist: sich nach der Trauung f\u00fcr eine halbe Stunde davon zu stehen und wild zu knutschen, oder aber sich in der Partynacht einen <a href=\"https:\/\/fine-weddings.de\/polnischer-abgang-darf-man-das\/\" target=\"_blank\" rel=\"noopener\">polnischen Abgang<\/a> g\u00f6nnen. Wer sagt, dass Braut und Br\u00e4utigam ihr eigenes Fest als letzte verlassen d\u00fcrfen? Hauptsache, alle anderen am\u00fcsieren sich! Und daf\u00fcr sorgen wir.<br \/>\nKeine Frage, dass Heidis und Toms G\u00e4ste das Event auf Capri ebenfalls genossen haben.\u00a0Mehr \u00fcber die Traumhochzeit k\u00f6nnt Ihr <a href=\"https:\/\/www.gala.de\/stars\/news\/hochzeit-heidi-tom\/\" target=\"_blank\" rel=\"noopener\">in der aktuellen Ausgabe der GALA<\/a> lesen.<\/p>\n<p style=\"text-align: left;\">Ich pers\u00f6nlich habe nur die sch\u00f6nsten Erinnerungen an die Insel im Golf von Neapel. Es war Sommer 2017 &#8211; eine intime Hochzeit im kleinen Kreis im <a href=\"https:\/\/www.quisisana.com\/\" target=\"_blank\" rel=\"noopener\">ber\u00fchmten Grandhotel Quisisana<\/a> (w\u00f6rtlich \u201eDer Ort, an dem man gesund wird\u201c), und gerade deshalb besonders. F\u00fcr beide war es die zweite Ehe, und so viel Liebe, so viel Gl\u00fcck war sehr ber\u00fchrend. F\u00fcr immer in Erinnerung wird mir die Brautmutter bleiben: Bereits weit \u00fcber 80, war sie fit wie ein Turnschuh und so was von gut drauf! Sie hat wirklich nonstop bis in die fr\u00fchen Morgenstunden getanzt. Ihre Energie wird mir immer in Erinnerung bleiben. Ich hoffe, die Familie und Freunde von \u201eKlumitz\u201c haben ebenso euphorisch mit ihnen gefeiert, wie es diese lebenslustige alte Dame getan hat.<\/p>\n<p style=\"text-align: left;\"><img decoding=\"async\" loading=\"lazy\" class=\"alignnone size-large wp-image-16011\" src=\"https:\/\/fine-weddings.de\/wp-content\/uploads\/2019\/08\/Fine-Weddings-Parties-CapriIMG_3931-768x1024.jpg\" alt=\"\" width=\"768\" height=\"1024\" srcset=\"https:\/\/www.fine-weddings.de\/blog\/wp-content\/uploads\/2019\/08\/Fine-Weddings-Parties-CapriIMG_3931-768x1024.jpg 768w, https:\/\/www.fine-weddings.de\/blog\/wp-content\/uploads\/2019\/08\/Fine-Weddings-Parties-CapriIMG_3931-225x300.jpg 225w\" sizes=\"(max-width: 768px) 100vw, 768px\" \/><img decoding=\"async\" loading=\"lazy\" class=\"alignnone size-large wp-image-16009\" src=\"https:\/\/fine-weddings.de\/wp-content\/uploads\/2019\/08\/Fine-Weddings-Parties-CapriIMG_3889-768x1024.jpg\" alt=\"\" width=\"768\" height=\"1024\" srcset=\"https:\/\/www.fine-weddings.de\/blog\/wp-content\/uploads\/2019\/08\/Fine-Weddings-Parties-CapriIMG_3889-768x1024.jpg 768w, https:\/\/www.fine-weddings.de\/blog\/wp-content\/uploads\/2019\/08\/Fine-Weddings-Parties-CapriIMG_3889-225x300.jpg 225w\" sizes=\"(max-width: 768px) 100vw, 768px\" \/><img decoding=\"async\" loading=\"lazy\" class=\"alignnone size-large wp-image-16007\" src=\"https:\/\/fine-weddings.de\/wp-content\/uploads\/2019\/08\/Fine-Weddings-Parties-CapriIMG_3888-768x1024.jpg\" alt=\"\" width=\"768\" height=\"1024\" srcset=\"https:\/\/www.fine-weddings.de\/blog\/wp-content\/uploads\/2019\/08\/Fine-Weddings-Parties-CapriIMG_3888-768x1024.jpg 768w, https:\/\/www.fine-weddings.de\/blog\/wp-content\/uploads\/2019\/08\/Fine-Weddings-Parties-CapriIMG_3888-225x300.jpg 225w\" sizes=\"(max-width: 768px) 100vw, 768px\" \/><\/p>\n<p style=\"text-align: left;\">Was den Altersunterschied der beiden betrifft, kann ich die Aufregung \u00fcbrigens nicht nachvollziehen. Genauso wenig die Diskussionen dar\u00fcber, wie oft sie vorher schon verheiratet war. Heidi Klum ist eine sehr erfolgreiche Gesch\u00e4ftsfrau mit vier Kindern von zwei verschiedenen V\u00e4tern (etwas, das wir beide gemeinsam haben). Heidi ist eine rheinische Frohnatur und sie liebt das Leben. Und steht einfach immer wieder auf, egal, was passiert. Nun heiratet sie einen j\u00fcngeren Mann, wo liegt das Problem? Ich finde, es steht ihr zu, zu tun und zu lassen, was sie m\u00f6chte: j\u00fcngerer Mann, \u00e4lterer Mann, egal! In meinem Freundeskreis gibt es einige Paare in dieser Konstellation, die wirklich gl\u00fccklich sind, und das seit vielen Jahren. Warum auch nicht? W\u00e4re sie der Mann, w\u00fcrde niemand ein Wort dar\u00fcber verlieren. Nun dreht diese Powerfrau den Spie\u00df eben einfach um.<\/p>\n<p style=\"text-align: left;\">Ich bin sicher, Heidi wird wissen, was sie an Tom hat. Die neue Generation M\u00e4nner ist anders drauf, hat einen anderen Fokus. Ich kann mir vorstellen, dass Tom im Alltag mehr easy going praktiziert und locker mit den Kindern umgeht. Und wenn schon, dann spielt er eben Play Station mit ihnen! Hauptsache, sie sind gl\u00fccklich.<\/p>\n<p style=\"text-align: left;\">Eure Nadine<\/p>\n<p><img decoding=\"async\" loading=\"lazy\" class=\"alignnone size-full wp-image-14578 alignleft\" src=\"https:\/\/fine-weddings.de\/wp-content\/uploads\/2015\/07\/2_Siegel_50x50.png\" alt=\"\" width=\"50\" height=\"50\" \/><\/p>\n<p>&nbsp;<\/p>\n<p>&nbsp;<\/p>\n<p>&nbsp;<\/p>\n<p style=\"text-align: left;\"><img decoding=\"async\" loading=\"lazy\" class=\"alignnone size-large wp-image-16005\" src=\"https:\/\/fine-weddings.de\/wp-content\/uploads\/2019\/08\/Fine-Weddings-Parties-CapriIMG_3849-768x1024.jpg\" alt=\"\" width=\"768\" height=\"1024\" srcset=\"https:\/\/www.fine-weddings.de\/blog\/wp-content\/uploads\/2019\/08\/Fine-Weddings-Parties-CapriIMG_3849-768x1024.jpg 768w, https:\/\/www.fine-weddings.de\/blog\/wp-content\/uploads\/2019\/08\/Fine-Weddings-Parties-CapriIMG_3849-225x300.jpg 225w\" sizes=\"(max-width: 768px) 100vw, 768px\" \/><\/p>\n<p>[\/vc_column_text][\/vc_column][\/vc_row][vc_row][vc_column]<div class=\"ult-spacer spacer-69f5e528109ba\" data-id=\"69f5e528109ba\" data-height=\"20\" data-height-mobile=\"20\" data-height-tab=\"\" data-height-tab-portrait=\"\" data-height-mobile-landscape=\"\" style=\"clear:both;display:block;\"><\/div>[\/vc_column][\/vc_row][vc_row][vc_column width=&#8220;1\/2&#8243;]<div class=\"ult-spacer spacer-69f5e528109ca\" data-id=\"69f5e528109ca\" data-height=\"20\" data-height-mobile=\"20\" data-height-tab=\"\" data-height-tab-portrait=\"\" data-height-mobile-landscape=\"\" style=\"clear:both;display:block;\"><\/div><div class=\"ult-spacer spacer-69f5e528109d3\" data-id=\"69f5e528109d3\" data-height=\"20\" data-height-mobile=\"20\" data-height-tab=\"\" data-height-tab-portrait=\"\" data-height-mobile-landscape=\"\" style=\"clear:both;display:block;\"><\/div>[\/vc_column][vc_column width=&#8220;1\/2&#8243;]<div class=\"ult-spacer spacer-69f5e528109da\" data-id=\"69f5e528109da\" data-height=\"20\" data-height-mobile=\"20\" data-height-tab=\"\" data-height-tab-portrait=\"\" data-height-mobile-landscape=\"\" style=\"clear:both;display:block;\"><\/div><div class=\"ult-spacer spacer-69f5e528109e0\" data-id=\"69f5e528109e0\" data-height=\"20\" data-height-mobile=\"20\" data-height-tab=\"\" data-height-tab-portrait=\"\" data-height-mobile-landscape=\"\" style=\"clear:both;display:block;\"><\/div>[\/vc_column][\/vc_row][vc_row][vc_column][vc_column_text][\/vc_column_text][\/vc_column][\/vc_row]<\/p>\n<\/section>","protected":false},"excerpt":{"rendered":"<p>Drei Millionen soll die Sause gekostet haben, eine Summe, die in den Ohren Au\u00dfenstehender erst einmal utopisch klingt. Die jedoch nachvollziehbar ist, wenn man vertraut ist mit den Bed\u00fcrfnissen dieser Klientel und den Dimensionen, in denen sie denken \u2013 auch zeitlich.<\/p>\n","protected":false},"author":2,"featured_media":16013,"comment_status":"open","ping_status":"open","sticky":false,"template":"","format":"standard","meta":[],"categories":[76],"tags":[],"acf":[],"yoast_head":"<!-- This site is optimized with the Yoast SEO plugin v20.2 - https:\/\/yoast.com\/wordpress\/plugins\/seo\/ -->\n<title>Heidi Klum und Tom Kaulitz haben sich auf Capri das Jawort gegeben - FINE WEDDINGS BLOG<\/title>\n<meta name=\"description\" content=\"Drei Millionen soll die Hochzeit gekostet haben, eine Summe, die erst einmal utopisch klingt. Destination Weddings werden jedoch immer beliebter, und die G\u00e4steschar immer hybrider, so dass sie aus allen m\u00f6glichen L\u00e4ndern anreist.\" \/>\n<meta name=\"robots\" content=\"index, follow, max-snippet:-1, max-image-preview:large, max-video-preview:-1\" \/>\n<link rel=\"canonical\" href=\"https:\/\/www.fine-weddings.de\/blog\/heidi-klum-und-tom-kaulitz-haben-sich-auf-capri-das-jawort-gegeben\/\" \/>\n<meta property=\"og:locale\" content=\"de_DE\" \/>\n<meta property=\"og:type\" content=\"article\" \/>\n<meta property=\"og:title\" content=\"Heidi Klum und Tom Kaulitz haben sich auf Capri das Jawort gegeben - FINE WEDDINGS BLOG\" \/>\n<meta property=\"og:description\" content=\"Drei Millionen soll die Hochzeit gekostet haben, eine Summe, die erst einmal utopisch klingt. Destination Weddings werden jedoch immer beliebter, und die G\u00e4steschar immer hybrider, so dass sie aus allen m\u00f6glichen L\u00e4ndern anreist.\" \/>\n<meta property=\"og:url\" content=\"https:\/\/www.fine-weddings.de\/blog\/heidi-klum-und-tom-kaulitz-haben-sich-auf-capri-das-jawort-gegeben\/\" \/>\n<meta property=\"og:site_name\" content=\"FINE WEDDINGS BLOG\" \/>\n<meta property=\"article:published_time\" content=\"2019-08-08T07:46:22+00:00\" \/>\n<meta property=\"article:modified_time\" content=\"2019-08-22T15:07:40+00:00\" \/>\n<meta property=\"og:image\" content=\"https:\/\/www.fine-weddings.de\/blog\/wp-content\/uploads\/2019\/08\/Fine-Weddings-Parties-CapriIMG_4134.jpg\" \/>\n\t<meta property=\"og:image:width\" content=\"2612\" \/>\n\t<meta property=\"og:image:height\" content=\"3701\" \/>\n\t<meta property=\"og:image:type\" content=\"image\/jpeg\" \/>\n<meta name=\"author\" content=\"Fine Weddings\" \/>\n<meta name=\"twitter:card\" content=\"summary_large_image\" \/>\n<meta name=\"twitter:label1\" content=\"Verfasst von\" \/>\n\t<meta name=\"twitter:data1\" content=\"Fine Weddings\" \/>\n\t<meta name=\"twitter:label2\" content=\"Gesch\u00e4tzte Lesezeit\" \/>\n\t<meta name=\"twitter:data2\" content=\"4\u00a0Minuten\" \/>\n<script type=\"application\/ld+json\" class=\"yoast-schema-graph\">{\"@context\":\"https:\/\/schema.org\",\"@graph\":[{\"@type\":\"Article\",\"@id\":\"https:\/\/www.fine-weddings.de\/blog\/heidi-klum-und-tom-kaulitz-haben-sich-auf-capri-das-jawort-gegeben\/#article\",\"isPartOf\":{\"@id\":\"https:\/\/www.fine-weddings.de\/blog\/heidi-klum-und-tom-kaulitz-haben-sich-auf-capri-das-jawort-gegeben\/\"},\"author\":{\"name\":\"Fine Weddings\",\"@id\":\"https:\/\/www.fine-weddings.de\/blog\/#\/schema\/person\/87220e91a4a062b03e05ff505288330b\"},\"headline\":\"Heidi Klum und Tom Kaulitz haben sich auf Capri das Jawort gegeben\",\"datePublished\":\"2019-08-08T07:46:22+00:00\",\"dateModified\":\"2019-08-22T15:07:40+00:00\",\"mainEntityOfPage\":{\"@id\":\"https:\/\/www.fine-weddings.de\/blog\/heidi-klum-und-tom-kaulitz-haben-sich-auf-capri-das-jawort-gegeben\/\"},\"wordCount\":781,\"commentCount\":0,\"publisher\":{\"@id\":\"https:\/\/www.fine-weddings.de\/blog\/#organization\"},\"articleSection\":[\"Experten-Tipps\"],\"inLanguage\":\"de\",\"potentialAction\":[{\"@type\":\"CommentAction\",\"name\":\"Comment\",\"target\":[\"https:\/\/www.fine-weddings.de\/blog\/heidi-klum-und-tom-kaulitz-haben-sich-auf-capri-das-jawort-gegeben\/#respond\"]}]},{\"@type\":\"WebPage\",\"@id\":\"https:\/\/www.fine-weddings.de\/blog\/heidi-klum-und-tom-kaulitz-haben-sich-auf-capri-das-jawort-gegeben\/\",\"url\":\"https:\/\/www.fine-weddings.de\/blog\/heidi-klum-und-tom-kaulitz-haben-sich-auf-capri-das-jawort-gegeben\/\",\"name\":\"Heidi Klum und Tom Kaulitz haben sich auf Capri das Jawort gegeben - FINE WEDDINGS BLOG\",\"isPartOf\":{\"@id\":\"https:\/\/www.fine-weddings.de\/blog\/#website\"},\"datePublished\":\"2019-08-08T07:46:22+00:00\",\"dateModified\":\"2019-08-22T15:07:40+00:00\",\"description\":\"Drei Millionen soll die Hochzeit gekostet haben, eine Summe, die erst einmal utopisch klingt. Destination Weddings werden jedoch immer beliebter, und die G\u00e4steschar immer hybrider, so dass sie aus allen m\u00f6glichen L\u00e4ndern anreist.\",\"breadcrumb\":{\"@id\":\"https:\/\/www.fine-weddings.de\/blog\/heidi-klum-und-tom-kaulitz-haben-sich-auf-capri-das-jawort-gegeben\/#breadcrumb\"},\"inLanguage\":\"de\",\"potentialAction\":[{\"@type\":\"ReadAction\",\"target\":[\"https:\/\/www.fine-weddings.de\/blog\/heidi-klum-und-tom-kaulitz-haben-sich-auf-capri-das-jawort-gegeben\/\"]}]},{\"@type\":\"BreadcrumbList\",\"@id\":\"https:\/\/www.fine-weddings.de\/blog\/heidi-klum-und-tom-kaulitz-haben-sich-auf-capri-das-jawort-gegeben\/#breadcrumb\",\"itemListElement\":[{\"@type\":\"ListItem\",\"position\":1,\"name\":\"Home\",\"item\":\"https:\/\/www.fine-weddings.de\/blog\/\"},{\"@type\":\"ListItem\",\"position\":2,\"name\":\"Heidi Klum und Tom Kaulitz haben sich auf Capri das Jawort gegeben\"}]},{\"@type\":\"WebSite\",\"@id\":\"https:\/\/www.fine-weddings.de\/blog\/#website\",\"url\":\"https:\/\/www.fine-weddings.de\/blog\/\",\"name\":\"FINE WEDDINGS BLOG\",\"description\":\"Trends und News rund ums Heiraten\",\"publisher\":{\"@id\":\"https:\/\/www.fine-weddings.de\/blog\/#organization\"},\"potentialAction\":[{\"@type\":\"SearchAction\",\"target\":{\"@type\":\"EntryPoint\",\"urlTemplate\":\"https:\/\/www.fine-weddings.de\/blog\/?s={search_term_string}\"},\"query-input\":\"required name=search_term_string\"}],\"inLanguage\":\"de\"},{\"@type\":\"Organization\",\"@id\":\"https:\/\/www.fine-weddings.de\/blog\/#organization\",\"name\":\"Fine Weddings & Parties\",\"url\":\"https:\/\/www.fine-weddings.de\/blog\/\",\"logo\":{\"@type\":\"ImageObject\",\"inLanguage\":\"de\",\"@id\":\"https:\/\/www.fine-weddings.de\/blog\/#\/schema\/logo\/image\/\",\"url\":\"https:\/\/www.fine-weddings.de\/blog\/wp-content\/uploads\/2021\/05\/FW-Logo.png\",\"contentUrl\":\"https:\/\/www.fine-weddings.de\/blog\/wp-content\/uploads\/2021\/05\/FW-Logo.png\",\"width\":500,\"height\":458,\"caption\":\"Fine Weddings & Parties\"},\"image\":{\"@id\":\"https:\/\/www.fine-weddings.de\/blog\/#\/schema\/logo\/image\/\"}},{\"@type\":\"Person\",\"@id\":\"https:\/\/www.fine-weddings.de\/blog\/#\/schema\/person\/87220e91a4a062b03e05ff505288330b\",\"name\":\"Fine Weddings\"}]}<\/script>\n<!-- \/ Yoast SEO plugin. -->","yoast_head_json":{"title":"Heidi Klum und Tom Kaulitz haben sich auf Capri das Jawort gegeben - FINE WEDDINGS BLOG","description":"Drei Millionen soll die Hochzeit gekostet haben, eine Summe, die erst einmal utopisch klingt. Destination Weddings werden jedoch immer beliebter, und die G\u00e4steschar immer hybrider, so dass sie aus allen m\u00f6glichen L\u00e4ndern anreist.","robots":{"index":"index","follow":"follow","max-snippet":"max-snippet:-1","max-image-preview":"max-image-preview:large","max-video-preview":"max-video-preview:-1"},"canonical":"https:\/\/www.fine-weddings.de\/blog\/heidi-klum-und-tom-kaulitz-haben-sich-auf-capri-das-jawort-gegeben\/","og_locale":"de_DE","og_type":"article","og_title":"Heidi Klum und Tom Kaulitz haben sich auf Capri das Jawort gegeben - FINE WEDDINGS BLOG","og_description":"Drei Millionen soll die Hochzeit gekostet haben, eine Summe, die erst einmal utopisch klingt. Destination Weddings werden jedoch immer beliebter, und die G\u00e4steschar immer hybrider, so dass sie aus allen m\u00f6glichen L\u00e4ndern anreist.","og_url":"https:\/\/www.fine-weddings.de\/blog\/heidi-klum-und-tom-kaulitz-haben-sich-auf-capri-das-jawort-gegeben\/","og_site_name":"FINE WEDDINGS BLOG","article_published_time":"2019-08-08T07:46:22+00:00","article_modified_time":"2019-08-22T15:07:40+00:00","og_image":[{"width":2612,"height":3701,"url":"https:\/\/www.fine-weddings.de\/blog\/wp-content\/uploads\/2019\/08\/Fine-Weddings-Parties-CapriIMG_4134.jpg","type":"image\/jpeg"}],"author":"Fine Weddings","twitter_card":"summary_large_image","twitter_misc":{"Verfasst von":"Fine Weddings","Gesch\u00e4tzte Lesezeit":"4\u00a0Minuten"},"schema":{"@context":"https:\/\/schema.org","@graph":[{"@type":"Article","@id":"https:\/\/www.fine-weddings.de\/blog\/heidi-klum-und-tom-kaulitz-haben-sich-auf-capri-das-jawort-gegeben\/#article","isPartOf":{"@id":"https:\/\/www.fine-weddings.de\/blog\/heidi-klum-und-tom-kaulitz-haben-sich-auf-capri-das-jawort-gegeben\/"},"author":{"name":"Fine Weddings","@id":"https:\/\/www.fine-weddings.de\/blog\/#\/schema\/person\/87220e91a4a062b03e05ff505288330b"},"headline":"Heidi Klum und Tom Kaulitz haben sich auf Capri das Jawort gegeben","datePublished":"2019-08-08T07:46:22+00:00","dateModified":"2019-08-22T15:07:40+00:00","mainEntityOfPage":{"@id":"https:\/\/www.fine-weddings.de\/blog\/heidi-klum-und-tom-kaulitz-haben-sich-auf-capri-das-jawort-gegeben\/"},"wordCount":781,"commentCount":0,"publisher":{"@id":"https:\/\/www.fine-weddings.de\/blog\/#organization"},"articleSection":["Experten-Tipps"],"inLanguage":"de","potentialAction":[{"@type":"CommentAction","name":"Comment","target":["https:\/\/www.fine-weddings.de\/blog\/heidi-klum-und-tom-kaulitz-haben-sich-auf-capri-das-jawort-gegeben\/#respond"]}]},{"@type":"WebPage","@id":"https:\/\/www.fine-weddings.de\/blog\/heidi-klum-und-tom-kaulitz-haben-sich-auf-capri-das-jawort-gegeben\/","url":"https:\/\/www.fine-weddings.de\/blog\/heidi-klum-und-tom-kaulitz-haben-sich-auf-capri-das-jawort-gegeben\/","name":"Heidi Klum und Tom Kaulitz haben sich auf Capri das Jawort gegeben - FINE WEDDINGS BLOG","isPartOf":{"@id":"https:\/\/www.fine-weddings.de\/blog\/#website"},"datePublished":"2019-08-08T07:46:22+00:00","dateModified":"2019-08-22T15:07:40+00:00","description":"Drei Millionen soll die Hochzeit gekostet haben, eine Summe, die erst einmal utopisch klingt. Destination Weddings werden jedoch immer beliebter, und die G\u00e4steschar immer hybrider, so dass sie aus allen m\u00f6glichen L\u00e4ndern anreist.","breadcrumb":{"@id":"https:\/\/www.fine-weddings.de\/blog\/heidi-klum-und-tom-kaulitz-haben-sich-auf-capri-das-jawort-gegeben\/#breadcrumb"},"inLanguage":"de","potentialAction":[{"@type":"ReadAction","target":["https:\/\/www.fine-weddings.de\/blog\/heidi-klum-und-tom-kaulitz-haben-sich-auf-capri-das-jawort-gegeben\/"]}]},{"@type":"BreadcrumbList","@id":"https:\/\/www.fine-weddings.de\/blog\/heidi-klum-und-tom-kaulitz-haben-sich-auf-capri-das-jawort-gegeben\/#breadcrumb","itemListElement":[{"@type":"ListItem","position":1,"name":"Home","item":"https:\/\/www.fine-weddings.de\/blog\/"},{"@type":"ListItem","position":2,"name":"Heidi Klum und Tom Kaulitz haben sich auf Capri das Jawort gegeben"}]},{"@type":"WebSite","@id":"https:\/\/www.fine-weddings.de\/blog\/#website","url":"https:\/\/www.fine-weddings.de\/blog\/","name":"FINE WEDDINGS BLOG","description":"Trends und News rund ums Heiraten","publisher":{"@id":"https:\/\/www.fine-weddings.de\/blog\/#organization"},"potentialAction":[{"@type":"SearchAction","target":{"@type":"EntryPoint","urlTemplate":"https:\/\/www.fine-weddings.de\/blog\/?s={search_term_string}"},"query-input":"required name=search_term_string"}],"inLanguage":"de"},{"@type":"Organization","@id":"https:\/\/www.fine-weddings.de\/blog\/#organization","name":"Fine Weddings & Parties","url":"https:\/\/www.fine-weddings.de\/blog\/","logo":{"@type":"ImageObject","inLanguage":"de","@id":"https:\/\/www.fine-weddings.de\/blog\/#\/schema\/logo\/image\/","url":"https:\/\/www.fine-weddings.de\/blog\/wp-content\/uploads\/2021\/05\/FW-Logo.png","contentUrl":"https:\/\/www.fine-weddings.de\/blog\/wp-content\/uploads\/2021\/05\/FW-Logo.png","width":500,"height":458,"caption":"Fine Weddings & Parties"},"image":{"@id":"https:\/\/www.fine-weddings.de\/blog\/#\/schema\/logo\/image\/"}},{"@type":"Person","@id":"https:\/\/www.fine-weddings.de\/blog\/#\/schema\/person\/87220e91a4a062b03e05ff505288330b","name":"Fine Weddings"}]}},"_links":{"self":[{"href":"https:\/\/www.fine-weddings.de\/blog\/wp-json\/wp\/v2\/posts\/16004"}],"collection":[{"href":"https:\/\/www.fine-weddings.de\/blog\/wp-json\/wp\/v2\/posts"}],"about":[{"href":"https:\/\/www.fine-weddings.de\/blog\/wp-json\/wp\/v2\/types\/post"}],"author":[{"embeddable":true,"href":"https:\/\/www.fine-weddings.de\/blog\/wp-json\/wp\/v2\/users\/2"}],"replies":[{"embeddable":true,"href":"https:\/\/www.fine-weddings.de\/blog\/wp-json\/wp\/v2\/comments?post=16004"}],"version-history":[{"count":6,"href":"https:\/\/www.fine-weddings.de\/blog\/wp-json\/wp\/v2\/posts\/16004\/revisions"}],"predecessor-version":[{"id":16024,"href":"https:\/\/www.fine-weddings.de\/blog\/wp-json\/wp\/v2\/posts\/16004\/revisions\/16024"}],"wp:featuredmedia":[{"embeddable":true,"href":"https:\/\/www.fine-weddings.de\/blog\/wp-json\/wp\/v2\/media\/16013"}],"wp:attachment":[{"href":"https:\/\/www.fine-weddings.de\/blog\/wp-json\/wp\/v2\/media?parent=16004"}],"wp:term":[{"taxonomy":"category","embeddable":true,"href":"https:\/\/www.fine-weddings.de\/blog\/wp-json\/wp\/v2\/categories?post=16004"},{"taxonomy":"post_tag","embeddable":true,"href":"https:\/\/www.fine-weddings.de\/blog\/wp-json\/wp\/v2\/tags?post=16004"}],"curies":[{"name":"wp","href":"https:\/\/api.w.org\/{rel}","templated":true}]}}